{"id":23384,"date":"2025-05-14T14:22:34","date_gmt":"2025-05-14T22:22:34","guid":{"rendered":"https:\/\/wou.edu\/westernhowl\/?p=23384"},"modified":"2025-10-18T14:25:28","modified_gmt":"2025-10-18T22:25:28","slug":"premios-wolf","status":"publish","type":"post","link":"https:\/\/wou.edu\/westernhowl\/premios-wolf\/","title":{"rendered":"Premios Wolf"},"content":{"rendered":"\n<p><span style=\"font-weight: 400\">14 de Mayo del 2025 | Hannah Field | Jefa de Editacion<\/span><\/p>\n<p><span style=\"font-weight: 400\">Los Premios Wolf est\u00e1n a la vuelta de la esquina, y se llevar\u00e1n a cabo el Martes 20 de Mayo del 2025 a las 5 p.m. Este evento anual destaca las contribuciones destacadas de los l\u00edderes estudiantiles de Western, nominados por el personal y el profesorado de diversos departamentos y \u00e1reas de Western, como la Divisi\u00f3n de Asuntos Estudiantiles, Deportes, la Facultad de Educaci\u00f3n y la Facultad de Artes Liberales y Ciencias. Los estudiantes fueron nominados por el personal y el profesorado en Enero, y posteriormente se les envi\u00f3 un correo electr\u00f3nico con la invitaci\u00f3n a postularse, incluyendo la evaluaci\u00f3n de su promedio general, la identificaci\u00f3n de premios, proyectos, presentaciones, publicaciones, empleo, participaci\u00f3n en el campus, actividades extracurriculares, voluntariado y m\u00e1s.\u00a0<\/span><\/p>\n<p><span style=\"font-weight: 400\">Los Premios Wolf, que se celebran cada a\u00f1o en Mayo, ofrecen un espacio de celebraci\u00f3n para que los estudiantes sean reconocidos por sus logros e impacto en Western. En el 2024, se otorgaron 45 premios a diversos miembros de la comunidad de Western, como el Premio al Liderazgo Multicultural, el Premio a los L\u00edderes Estudiantiles Distinguidos, la Organizaci\u00f3n Estudiantil del A\u00f1o, el Asistente Residente del A\u00f1o, el Premio al Esp\u00edritu Estudiantil en los Medios, etc. La lista completa de los galardonados del a\u00f1o pasado se puede consultar en el sitio web de Western Student Engagement, en la secci\u00f3n de Liderazgo. Se espera que la lista de galardonados del 2025 se presente de forma similar.\u00a0<\/span><\/p>\n<p><span style=\"font-weight: 400\">En el evento, se sirve comida y se presenta una presentaci\u00f3n de diapositivas para conmemorar a los ganadores.\u00a0<\/span><\/p>\n<p><span style=\"font-weight: 400\">Si bien el p\u00fablico desconoce la identidad de la mayor\u00eda de los ganadores, dos personas influyentes han sido reconocidas por sus logros y su insuperable impacto positivo con el Premio al Estudiante de \u00daltimo A\u00f1o Destacado.\u00a0<\/span><\/p>\n<p><span style=\"font-weight: 400\">Seg\u00fan la p\u00e1gina de los Premios Wolf en el sitio web de Participaci\u00f3n Estudiantil de Western, \u201c(Se) otorgan importantes premios a los estudiantes de \u00faltimo a\u00f1o que se han esforzado al<\/span><\/p>\n<p><span style=\"font-weight: 400\">m\u00e1ximo para demostrar su capacidad de liderazgo, su car\u00e1cter impecable, y su dedicaci\u00f3n al servicio de la comunidad de Western de Oreg\u00f3n.\u201d\u00a0<\/span><\/p>\n<p><span style=\"font-weight: 400\">Adem\u00e1s, Western declar\u00f3, \u201cEl Premio al Estudiante de \u00daltimo A\u00f1o Destacado es el m\u00e1ximo (honor) que Western otorga a sus estudiantes de pregrado. El (premio) se otorga a estudiantes que han tenido un impacto positivo en Western, son modelos a seguir positivos para sus compa\u00f1eros, y cuentan con diversas experiencias de liderazgo en el campus, actividades cocurriculares, logros acad\u00e9micos, servicio comunitario y voluntariado.\u201d\u00a0<\/span><\/p>\n<p><span style=\"font-weight: 400\">El premio ha cambiado de nombre varias veces y se ha adaptado para incorporar candidatos de cualquier g\u00e9nero, pero comenz\u00f3 en 1931 con el Premio Edna Starret como el Premio Julia McCulloch Smith. Solo mujeres recibieron el premio hasta 1954, cuando se empez\u00f3 a nombrar a hombres para el Premio Delmer Dewey, hasta que ambos t\u00edtulos se fusionaron en uno solo en el 2019.\u00a0<\/span><\/p>\n<p><span style=\"font-weight: 400\">Julia McCulloch Smith falleci\u00f3 el 6 de Mayo de 1930, junto con su esposo, John F. Smith, quien don\u00f3 $500 a la Escuela Normal de Oreg\u00f3n para honrar a las mujeres destacadas de \u00faltimo a\u00f1o de la universidad y en apoyo a las estudiantes. En aquel entonces, las mujeres que recib\u00edan el premio deb\u00edan poseer \u201cgran competencia acad\u00e9mica;\u201d \u201cgran \u00e9xito en las actividades estudiantiles;\u201d \u201calto desarrollo del car\u00e1cter y logros intelectuales;\u201d \u201cfuertes poderes de inspiraci\u00f3n y liderazgo\u201d y \u201cnobles cualidades de feminidad.\u201d\u00a0<\/span><\/p>\n<p><span style=\"font-weight: 400\">El Premio Delmer Dewey se entreg\u00f3 por primera vez en 1954, anunciado por \u201cThe Lamron\u201d \u2014 ahora conocido como \u201cThe Western Howl\u201d \u2014 para honrar y recordar al Decano de Hombres, Sr. Delmer Dewey, a ra\u00edz de una iniciativa del Club de Padres.\u00a0<\/span><\/p>\n<p><span style=\"font-weight: 400\">Esta tradici\u00f3n se ha mantenido vigente desde sus inicios hace m\u00e1s de 90 a\u00f1os. Las co-ganadoras del Premio al Graduado Destacado de este a\u00f1o son Jaidah Garc\u00eda y Alexis Pachecho.\u00a0<\/span><\/p>\n<p><span style=\"font-weight: 400\">Ambas son nombradas \u201ccandidatas ejemplares\u201d por el Comit\u00e9 de Selecci\u00f3n del Premio a los Estudiantes Graduados Sobresalientes.\u00a0<\/span><\/p>\n<p><span style=\"font-weight: 400\">Garc\u00eda es estudiante de primera generaci\u00f3n, y tambi\u00e9n es la primera en obtener un diploma de bachillerato en su familia. En Western, Garc\u00eda obtuvo una doble especializaci\u00f3n en sociolog\u00eda y psicolog\u00eda, se uni\u00f3 a la Sociedad de Honor Tri-Alpha y ha desempe\u00f1ado diversos cargos en el campus. En el 2024, Garc\u00eda gan\u00f3 la Iniciativa Maurice junto con \u00c1ngeles Reyes Mondrag\u00f3n, un premio de incentivo otorgado por Alfred Maurice con un premio en efectivo de $5,000. Garc\u00eda y Mondrag\u00f3n \u201cinvestigaron las posibilidades de establecer un Centro de Sue\u00f1os en WOU para ayudar a estudiantes indocumentados, tambi\u00e9n conocidos como \u2018Dreamers\u2019 y\/o beneficiarios de \u2018DACA\u2019\u201d y presentaron su proyecto en la Exhibici\u00f3n Anual de Excelencia Acad\u00e9mica de Western.\u00a0<\/span><\/p>\n<p><span style=\"font-weight: 400\">Uno de los logros de Garc\u00eda incluye un proyecto de tesis de \u00faltimo a\u00f1o, centrado en personas latinoamericanas con discapacidades de aprendizaje. \u201cSu tesis de honor se centra en proponer pol\u00edticas legislativas dirigidas a abordar las discapacidades de aprendizaje entre los estudiantes latinos,\u201d indica la descripci\u00f3n del premio de Garc\u00eda.<\/span><\/p>\n<p><span style=\"font-weight: 400\">\u201cVengo de un hogar de primera generaci\u00f3n, con personas negras y latinas, donde la educaci\u00f3n siempre se consider\u00f3 un privilegio y una responsabilidad. Vi de primera mano lo dif\u00edcil que puede ser acceder a oportunidades. Por eso me apasionan tanto la equidad, la educaci\u00f3n y la defensa de los derechos,\u201d dijo Garc\u00eda. \u201cEstoy sumamente agradecida de haber sido elegida como una de las ganadoras de este premio. Fue una validaci\u00f3n no solo de mis propios esfuerzos, sino tambi\u00e9n de cada mentor, amigo, y familiar que me apoy\u00f3 en el camino. Recibir este premio me record\u00f3 que los d\u00edas dif\u00edciles valieron la pena. Me siento agradecida, orgullosa, y motivada para seguir adelante.\u201d\u00a0<\/span><\/p>\n<p><span style=\"font-weight: 400\">Alexis Pachecho se graduar\u00e1 con una Licenciatura en Ciencias en Psicolog\u00eda y una especializaci\u00f3n en Comunicaciones al final del semestre de oto\u00f1o. Seg\u00fan Pachecho, se enamor\u00f3 de Western inmediatamente. \u201cSoy de primera generaci\u00f3n, soy una estudiante de bajos recursos. As\u00ed que me cost\u00f3 mucho encontrar un lugar que realmente disfrutara y (en el que) me sintiera realmente valorada, y definitivamente encontr\u00e9 mi lugar aqu\u00ed en Western.\u201d A pesar de viajar desde McMinnville \u2014 a cuarenta minutos \u2014 Pachecho ha seguido participando en la comunidad y realizando una labor admirable. Cabe destacar que colabor\u00f3 estrechamente con el Dr. Rob Winningham en un art\u00edculo para Topics of Geriatric Rehabilitations, lo que llev\u00f3 a que \u201cel editor (se diera) cuenta de que Alexis era solo una estudiante de pregrado y la elogiaba incre\u00edblemente por su trabajo,\u201d seg\u00fan la descripci\u00f3n de Pachecho al anunciarla como ganadora del premio. \u201cNo me arrepiento en absoluto,\u201d dijo Pachecho. \u201cFue una de mis experiencias favoritas.\u201d\u00a0<\/span><\/p>\n<p><span style=\"font-weight: 400\">Adem\u00e1s, Pachecho es la latina m\u00e1s joven de la Junta Directiva de la ISD en espa\u00f1ol de McMinnville y planea completar el programa de Doctorado en Terapia Ocupacional de Western como parte de la nueva Iniciativa de Salud Conductual.\u00a0<\/span><\/p>\n<p><span style=\"font-weight: 400\">\u201cTrabaj\u00e9 como maestra sustituta, luego como maestra extraescolar, maestra de preescolar, y, bueno, no pens\u00e9 que iba a volver a estudiar. Me tom\u00e9 (uno o dos a\u00f1os sab\u00e1ticos), pero, luego me sent\u00ed muy inspirada porque sent\u00eda que me faltaban los conocimientos para apoyar plenamente a los estudiantes que ve\u00eda a diario con respecto a su salud mental o discapacidades de aprendizaje,\u201d dijo Pachecho. \u201cAl final, creo que el conocimiento, mi curiosidad y mis ganas de aprender m\u00e1s (pesaron m\u00e1s que ese puesto, y) descubr\u00ed el programa de terapia ocupacional que acababa de empezar en Western. As\u00ed que pens\u00e9, \u2018s\u00ed, es perfecto para m\u00ed porque me permitir\u00e1 trabajar en pediatr\u00eda, y en rehabilitaci\u00f3n individual con ni\u00f1os \u2026 Pens\u00e9, \u2018s\u00ed, no puedo perder esta oportunidad. Es algo que tengo que hacer.\u2019\u201d\u00a0<\/span><\/p>\n<p><span style=\"font-weight: 400\">\u201cSoy la mayor de cinco hermanos,\u201d dijo Pachecho. \u201cAs\u00ed que quiero dar un buen ejemplo e inspirarlos, demostrarles que pueden \u2014 que siempre pueden superar sus expectativas y alcanzar sus sue\u00f1os. Ha sido un honor para m\u00ed recibir este premio.\u201d\u00a0<\/span><\/p>\n<p><span style=\"font-weight: 400\">\u201c\u00bfMi consejo? No tengan miedo de ocupar espacio,\u201d dijo Garc\u00eda. \u201cHagan preguntas, formen su red de apoyo, recuerden de d\u00f3nde vienen, y nunca subestimen el poder de su presencia en un espacio que no fue dise\u00f1ado pensando en ustedes.\u201d<\/span><\/p>\n<p><span style=\"font-weight: 400\">Garc\u00eda y Pachecho ser\u00e1n reconocidas en los Premios Wolf 2025, el 20 de Mayo del 2025, as\u00ed como durante la ceremonia de graduaci\u00f3n de Western, el 14 de Junio, por su honorable investigaci\u00f3n y trabajo.\u00a0<\/span><\/p>\n<p><span style=\"font-weight: 400\">Contacta al autor en <\/span><span style=\"font-weight: 400\">howleditorinchief@wou.edu<\/span><\/p>\n\n\n\n\n","protected":false},"excerpt":{"rendered":"","protected":false},"author":1094,"featured_media":0,"comment_status":"closed","ping_status":"closed","sticky":false,"template":"","format":"standard","meta":{"_seopress_robots_primary_cat":"none","_seopress_titles_title":"Premios Wolf","_seopress_titles_desc":"Se acercan los Premios Wolf \u2014 presentamos a los ganadores de varios premios y a los impresionantes co-ganadores del Premio al Estudiante Graduado Destacado","_seopress_robots_index":"","_lmt_disableupdate":"no","_lmt_disable":"","_et_pb_use_builder":"off","_et_pb_old_content":"","_et_gb_content_width":"","footnotes":"","_links_to":"","_links_to_target":""},"categories":[6735,6829],"tags":[],"class_list":["post-23384","post","type-post","status-publish","format-standard","hentry","category-espanol","category-translated-articles-24-25-vol-vii"],"modified_by":"saragerrick","_links":{"self":[{"href":"https:\/\/wou.edu\/westernhowl\/wp-json\/wp\/v2\/posts\/23384","targetHints":{"allow":["GET"]}}],"collection":[{"href":"https:\/\/wou.edu\/westernhowl\/wp-json\/wp\/v2\/posts"}],"about":[{"href":"https:\/\/wou.edu\/westernhowl\/wp-json\/wp\/v2\/types\/post"}],"author":[{"embeddable":true,"href":"https:\/\/wou.edu\/westernhowl\/wp-json\/wp\/v2\/users\/1094"}],"replies":[{"embeddable":true,"href":"https:\/\/wou.edu\/westernhowl\/wp-json\/wp\/v2\/comments?post=23384"}],"version-history":[{"count":1,"href":"https:\/\/wou.edu\/westernhowl\/wp-json\/wp\/v2\/posts\/23384\/revisions"}],"predecessor-version":[{"id":23387,"href":"https:\/\/wou.edu\/westernhowl\/wp-json\/wp\/v2\/posts\/23384\/revisions\/23387"}],"wp:attachment":[{"href":"https:\/\/wou.edu\/westernhowl\/wp-json\/wp\/v2\/media?parent=23384"}],"wp:term":[{"taxonomy":"category","embeddable":true,"href":"https:\/\/wou.edu\/westernhowl\/wp-json\/wp\/v2\/categories?post=23384"},{"taxonomy":"post_tag","embeddable":true,"href":"https:\/\/wou.edu\/westernhowl\/wp-json\/wp\/v2\/tags?post=23384"}],"curies":[{"name":"wp","href":"https:\/\/api.w.org\/{rel}","templated":true}]}}